{
    "legislatures": [
        {
            "description": "", 
            "end_date": "2020-12-31", 
            "members": [
                "/portal/processo-legislativo/atividades-legislativas/parlamentares/gesenilda-belarmino-1", 
                "/portal/processo-legislativo/atividades-legislativas/parlamentares/jose-helio-1", 
                "/portal/processo-legislativo/atividades-legislativas/parlamentares/wagner-brasil", 
                "/portal/processo-legislativo/atividades-legislativas/parlamentares/janiere-ferreira", 
                "/portal/processo-legislativo/atividades-legislativas/parlamentares/cledia-gerda", 
                "/portal/processo-legislativo/atividades-legislativas/parlamentares/maria-judrene", 
                "/portal/processo-legislativo/atividades-legislativas/parlamentares/inacio-damiao", 
                "/portal/processo-legislativo/atividades-legislativas/parlamentares/neto-correira", 
                "/portal/processo-legislativo/atividades-legislativas/parlamentares/adegilson-goncalo"
            ], 
            "start_date": "2017-01-01", 
            "title": "11\u00aa Legislatura", 
            "uri": "https://www.sitionovo.rn.leg.br/processo-legislativo/atividades-legislativas/legislaturas/legislatura-2017-2020"
        }, 
        {
            "description": "Legislatura 2021 \u00e0 2024", 
            "end_date": "2024-12-31", 
            "members": [
                "/portal/processo-legislativo/atividades-legislativas/parlamentares/inacio-damiao", 
                "/portal/processo-legislativo/atividades-legislativas/parlamentares/maria-judrene", 
                "/portal/processo-legislativo/atividades-legislativas/parlamentares/neto-correira", 
                "/portal/processo-legislativo/atividades-legislativas/parlamentares/adegilson-goncalo", 
                "/portal/processo-legislativo/atividades-legislativas/parlamentares/jose-helio-1", 
                "/portal/processo-legislativo/atividades-legislativas/parlamentares/vitoria-mafra", 
                "/portal/processo-legislativo/atividades-legislativas/parlamentares/lidinha", 
                "/portal/processo-legislativo/atividades-legislativas/parlamentares/janileide-de-neco", 
                "/portal/processo-legislativo/atividades-legislativas/parlamentares/jose-valderi"
            ], 
            "start_date": "2021-01-01", 
            "title": "12\u00aa Legislatura", 
            "uri": "https://www.sitionovo.rn.leg.br/processo-legislativo/atividades-legislativas/legislaturas/12a-legislatura"
        }, 
        {
            "description": "13\u00aa Legislatura", 
            "end_date": "2028-12-03", 
            "members": [
                "/portal/processo-legislativo/atividades-legislativas/parlamentares/jose-helio-1", 
                "/portal/processo-legislativo/atividades-legislativas/parlamentares/vitoria-mafra", 
                "/portal/processo-legislativo/atividades-legislativas/parlamentares/lidinha", 
                "/portal/processo-legislativo/atividades-legislativas/parlamentares/janileide-de-neco", 
                "/portal/processo-legislativo/atividades-legislativas/parlamentares/uesclay", 
                "/portal/processo-legislativo/atividades-legislativas/parlamentares/jose-valderi", 
                "/portal/processo-legislativo/atividades-legislativas/parlamentares/maria-judrene", 
                "/portal/processo-legislativo/atividades-legislativas/parlamentares/aninha-de-paulo", 
                "/portal/processo-legislativo/atividades-legislativas/parlamentares/carminha-de-chiquinho-camilo"
            ], 
            "start_date": "2025-02-01", 
            "title": "13\u00aa Legislatura", 
            "uri": "https://www.sitionovo.rn.leg.br/processo-legislativo/atividades-legislativas/legislaturas/13a-legislatura"
        }
    ], 
    "parliamentarians": [
        {
            "address": "Distrito Serra da Tapuia - Zona Rural - S\u00edtio Novo/RN", 
            "birthday": "1974-11-21", 
            "description": "", 
            "email": "", 
            "full_name": "In\u00e1cio Dami\u00e3o da Silva", 
            "image": {
                "filename": "Inacio_Dami\u00e3o-removebg-preview.png", 
                "size": 303494, 
                "uri": "https://www.sitionovo.rn.leg.br/processo-legislativo/atividades-legislativas/parlamentares/inacio-damiao/@@downloads/Inacio_Dami\u00e3o-removebg-preview.png"
            }, 
            "party_affiliation": [
                {
                    "date_affiliation": "2016-03-17", 
                    "date_disaffiliation": "2019-12-31", 
                    "party": "PMDB"
                }, 
                {
                    "date_affiliation": "2020-01-01", 
                    "date_disaffiliation": "", 
                    "party": "PP"
                }
            ], 
            "postal_code": "59440-000", 
            "site": "", 
            "telephone": "(84) 98811-8465", 
            "title": "In\u00e1cio Dami\u00e3o", 
            "uri": "https://www.sitionovo.rn.leg.br/processo-legislativo/atividades-legislativas/parlamentares/inacio-damiao"
        }, 
        {
            "address": "S\u00edtio Pau D'arco - Zona Rural", 
            "birthday": "1983-08-06", 
            "description": "", 
            "email": "clediagerda@hotmail.com", 
            "full_name": "Cl\u00e9dia Gerda de Medeiros", 
            "image": {
                "filename": "Cl\u00e9dia Gerda.png", 
                "size": 984137, 
                "uri": "https://www.sitionovo.rn.leg.br/processo-legislativo/atividades-legislativas/parlamentares/cledia-gerda/@@downloads/Cl\u00e9dia Gerda.png"
            }, 
            "party_affiliation": [
                {
                    "date_affiliation": "2016-03-18", 
                    "date_disaffiliation": "", 
                    "party": "PSD"
                }
            ], 
            "postal_code": "59440-000", 
            "site": "", 
            "telephone": "(84) 98853-8869", 
            "title": "Cl\u00e9dia Gerda", 
            "uri": "https://www.sitionovo.rn.leg.br/processo-legislativo/atividades-legislativas/parlamentares/cledia-gerda"
        }, 
        {
            "address": "Rua Sebasti\u00e3o Ferreira Lima, n\u00ba 50 - Centro", 
            "birthday": "1965-08-04", 
            "description": "", 
            "email": "gesenilda@hotmail.com", 
            "full_name": "Gesenilda Maria da Silva Belarmino", 
            "image": {
                "filename": "da0621cc-9c1b-42bb-9b69-5b4c39ea931b.jpg", 
                "size": 230850, 
                "uri": "https://www.sitionovo.rn.leg.br/processo-legislativo/atividades-legislativas/parlamentares/gesenilda-belarmino/@@downloads/da0621cc-9c1b-42bb-9b69-5b4c39ea931b.jpg"
            }, 
            "party_affiliation": [
                {
                    "date_affiliation": "2016-03-11", 
                    "date_disaffiliation": "", 
                    "party": "PMDB"
                }
            ], 
            "postal_code": "59440-000", 
            "site": "", 
            "telephone": "(84) 98603-6930", 
            "title": "Gesenilda Belarmino", 
            "uri": "https://www.sitionovo.rn.leg.br/processo-legislativo/atividades-legislativas/parlamentares/gesenilda-belarmino"
        }, 
        {
            "address": "Rua Jos\u00e9 Ferreira Lima, 105 A - Centro - S\u00edtio Novo/RN", 
            "birthday": "1978-06-04", 
            "description": "", 
            "email": "anajaniere2011@hotmail.com", 
            "full_name": "Janiere Ferreira de Lima", 
            "image": {
                "filename": "Janiere.png", 
                "size": 938790, 
                "uri": "https://www.sitionovo.rn.leg.br/processo-legislativo/atividades-legislativas/parlamentares/janiere-ferreira/@@downloads/Janiere.png"
            }, 
            "party_affiliation": [
                {
                    "date_affiliation": "2015-09-30", 
                    "date_disaffiliation": "", 
                    "party": "PMDB"
                }
            ], 
            "postal_code": "59440-000", 
            "site": "", 
            "telephone": "(84)98703-1512", 
            "title": "Janiere Ferreira", 
            "uri": "https://www.sitionovo.rn.leg.br/processo-legislativo/atividades-legislativas/parlamentares/janiere-ferreira"
        }, 
        {
            "address": "Rua Sebasti\u00e3o Ferreira Lima, 56 - Centro - S\u00edtio Novo/RN", 
            "birthday": "1973-07-17", 
            "description": "", 
            "email": "heliofitas@hotmail.com", 
            "full_name": "Jos\u00e9 H\u00e9lio da Silva", 
            "image": {
                "filename": "HELIO.jpg", 
                "size": 76576, 
                "uri": "https://www.sitionovo.rn.leg.br/processo-legislativo/atividades-legislativas/parlamentares/jose-helio/@@downloads/HELIO.jpg"
            }, 
            "party_affiliation": [
                {
                    "date_affiliation": "2016-07-17", 
                    "date_disaffiliation": "", 
                    "party": "PC do B"
                }
            ], 
            "postal_code": "59440-000", 
            "site": "", 
            "telephone": "(84) 98748-5441", 
            "title": "Jos\u00e9 H\u00e9lio", 
            "uri": "https://www.sitionovo.rn.leg.br/processo-legislativo/atividades-legislativas/parlamentares/jose-helio"
        }, 
        {
            "address": "S\u00edtio Salgadinho, Zona Rural - S\u00edtio Novo/RN", 
            "birthday": "1981-06-02", 
            "description": "<h1 dir=\"ltr\" data-pm-slice=\"1 1 []\">Biografia Profissional de Maria Judrene de Lima</h1>\r\n<p dir=\"ltr\"><strong>Nome Completo</strong>: Maria Judrene de Lima<br /><strong>Data de Nascimento</strong>: 02/06/1981<br /><strong>Nacionalidade/Naturalidade</strong>: Brasileira Nata / Santa Cruz, Rio Grande do Norte<br /><strong>G\u00eanero</strong>: Feminino<br /><strong>Identidade de G\u00eanero</strong>: Cisg\u00eanero<br /><strong>Cor/Ra\u00e7a</strong>: Branca<br /><strong>Etnia Ind\u00edgena</strong>: N\u00e3o Informado<br /><strong>Quilombola</strong>: N\u00e3o<br /><strong>Estado Civil</strong>: Solteira<br /><strong>Grau de Instru\u00e7\u00e3o</strong>: Ensino M\u00e9dio Completo<br /><strong>Ocupa\u00e7\u00e3o</strong>: Comerciante<br /><strong>Cargo Pol\u00edtico</strong>: Vereadora em S\u00edtio Novo, RN<br /><strong>Partido</strong>: Partido Verde (PV)<br /><strong>Federa\u00e7\u00e3o</strong>: Federa\u00e7\u00e3o Brasil da Esperan\u00e7a - FE Brasil (PT/PC do B/PV)<br /><strong>Candidata \u00e0 Reelei\u00e7\u00e3o</strong>: Sim</p>\r\n<h2 dir=\"ltr\">Perfil Pessoal e Profissional</h2>\r\n<p dir=\"ltr\">Maria Judrene de Lima, nascida em 2 de junho de 1981, em Santa Cruz, Rio Grande do Norte, \u00e9 uma comerciante e vereadora de S\u00edtio Novo, RN, com 43 anos. Solteira, com Ensino M\u00e9dio Completo, Maria Judrene destaca-se por sua trajet\u00f3ria no com\u00e9rcio e sua dedica\u00e7\u00e3o ao servi\u00e7o p\u00fablico. Como comerciante, ela atua no setor econ\u00f4mico de S\u00edtio Novo, um munic\u00edpio onde o pequeno com\u00e9rcio e a agricultura familiar s\u00e3o pilares da economia local. Sua experi\u00eancia no com\u00e9rcio a capacitou com habilidades em gest\u00e3o, negocia\u00e7\u00e3o e atendimento ao p\u00fablico, compet\u00eancias que ela aplica em sua atua\u00e7\u00e3o pol\u00edtica para atender \u00e0s necessidades da comunidade.</p>\r\n<p dir=\"ltr\">Sua viv\u00eancia como comerciante reflete um perfil empreendedor e conectado \u00e0s demandas econ\u00f4micas de S\u00edtio Novo, como o fortalecimento de pequenos neg\u00f3cios e a gera\u00e7\u00e3o de oportunidades locais, o que fortalece sua atua\u00e7\u00e3o como representante legislativa.</p>\r\n<h2 dir=\"ltr\">Atua\u00e7\u00e3o Pol\u00edtica</h2>\r\n<p dir=\"ltr\">Maria Judrene de Lima \u00e9 vereadora em S\u00edtio Novo, filiada ao <strong>Partido Verde (PV)</strong>, integrante da <strong>Federa\u00e7\u00e3o Brasil da Esperan\u00e7a - FE Brasil</strong>, composta pelo PT (Partido dos Trabalhadores), PC do B (Partido Comunista do Brasil) e PV. A federa\u00e7\u00e3o \u00e9 conhecida por defender pautas progressistas, como sustentabilidade, justi\u00e7a social e apoio \u00e0 agricultura familiar, valores que orientam a atua\u00e7\u00e3o de Maria Judrene no legislativo. Sua filia\u00e7\u00e3o ao PV sugere um compromisso especial com quest\u00f5es ambientais e desenvolvimento sustent\u00e1vel, alinhado \u00e0s necessidades de um munic\u00edpio rural como S\u00edtio Novo.</p>\r\n<p dir=\"ltr\">No legislativo, Maria Judrene concentra-se em pautas que promovem o bem-estar da popula\u00e7\u00e3o, incluindo melhorias na infraestrutura rural, acesso \u00e0 sa\u00fade e educa\u00e7\u00e3o, e apoio ao com\u00e9rcio e \u00e0 agricultura familiar. Sua experi\u00eancia como comerciante traz uma perspectiva pr\u00e1tica para suas propostas, com foco em iniciativas que fortale\u00e7am a economia local, como incentivos a pequenos empreendedores e melhorias no acesso a mercados para produtores rurais. Projetos voltados para a sustentabilidade, como a preserva\u00e7\u00e3o de recursos h\u00eddricos e a promo\u00e7\u00e3o de pr\u00e1ticas agr\u00edcolas ambientalmente respons\u00e1veis, tamb\u00e9m podem estar entre suas prioridades, refletindo os princ\u00edpios do Partido Verde.</p>\r\n<p dir=\"ltr\">Como <strong>candidata \u00e0 reelei\u00e7\u00e3o</strong>, Maria Judrene demonstra seu compromisso cont\u00ednuo com S\u00edtio Novo, buscando renovar seu mandato para consolidar suas contribui\u00e7\u00f5es e expandir seu impacto no munic\u00edpio. Sua atua\u00e7\u00e3o \u00e9 marcada por uma abordagem pr\u00f3xima da comunidade, ouvindo e representando as demandas dos cidad\u00e3os.</p>\r\n<h2 dir=\"ltr\">Habilidades e Compet\u00eancias</h2>\r\n<ul class=\"tight\" dir=\"ltr\" data-tight=\"true\">\r\n<li>\r\n<p dir=\"ltr\"><strong>Gest\u00e3o e Empreendedorismo</strong>: Experi\u00eancia no com\u00e9rcio, com habilidades em administra\u00e7\u00e3o, negocia\u00e7\u00e3o e relacionamento com clientes.</p>\r\n</li>\r\n<li>\r\n<p dir=\"ltr\"><strong>Compromisso com a Sustentabilidade</strong>: Alinhamento com as pautas do Partido Verde, focando em pol\u00edticas que promovam o desenvolvimento sustent\u00e1vel.</p>\r\n</li>\r\n<li>\r\n<p dir=\"ltr\"><strong>Representa\u00e7\u00e3o Comunit\u00e1ria</strong>: Capacidade de articular as demandas da popula\u00e7\u00e3o de S\u00edtio Novo, com \u00eanfase em melhorias econ\u00f4micas e sociais.</p>\r\n</li>\r\n</ul>\r\n<h2 dir=\"ltr\">Considera\u00e7\u00f5es Finais</h2>\r\n<p dir=\"ltr\">Maria Judrene de Lima \u00e9 uma lideran\u00e7a em S\u00edtio Novo, cuja trajet\u00f3ria combina sua experi\u00eancia como comerciante com um forte compromisso com o desenvolvimento sustent\u00e1vel e o servi\u00e7o p\u00fablico. Sua atua\u00e7\u00e3o como vereadora pelo Partido Verde, dentro da Federa\u00e7\u00e3o Brasil da Esperan\u00e7a, reflete sua dedica\u00e7\u00e3o a pautas que equilibram crescimento econ\u00f4mico, justi\u00e7a social e preserva\u00e7\u00e3o ambiental. Como candidata \u00e0 reelei\u00e7\u00e3o, ela busca continuar representando os interesses da comunidade, trazendo sua perspectiva pr\u00e1tica e engajamento comunit\u00e1rio para um novo mandato. Para mais detalhes sobre sua atua\u00e7\u00e3o legislativa, recomenda-se consultar as atas da C\u00e2mara Municipal de S\u00edtio Novo ou fontes de imprensa local.</p>", 
            "email": "", 
            "full_name": "Maria Judrene de Lima", 
            "image": {
                "filename": "Maria Judreni.png", 
                "size": 1975761, 
                "uri": "https://www.sitionovo.rn.leg.br/processo-legislativo/atividades-legislativas/parlamentares/maria-judrene/@@downloads/Maria Judreni.png"
            }, 
            "party_affiliation": [
                {
                    "date_affiliation": "2011-10-05", 
                    "date_disaffiliation": "2019-12-31", 
                    "party": "PSD"
                }, 
                {
                    "date_affiliation": "2020-01-01", 
                    "date_disaffiliation": "2023-12-31", 
                    "party": "PSB"
                }, 
                {
                    "date_affiliation": "2024-01-01", 
                    "date_disaffiliation": "", 
                    "party": "Partido Verde (PV)"
                }
            ], 
            "postal_code": "59440-000", 
            "site": "", 
            "telephone": "(84) 98898-1045", 
            "title": "Maria Judrene", 
            "uri": "https://www.sitionovo.rn.leg.br/processo-legislativo/atividades-legislativas/parlamentares/maria-judrene"
        }, 
        {
            "address": "Rua Maria Aparecida F. de Medeiros, 03 - Centro - S\u00edtio Novo/RN", 
            "birthday": "1983-10-23", 
            "description": "", 
            "email": "", 
            "full_name": "Jos\u00e9 Correia de Oliveira Neto", 
            "image": {
                "filename": "Neto_Correira-removebg-preview.png", 
                "size": 295103, 
                "uri": "https://www.sitionovo.rn.leg.br/processo-legislativo/atividades-legislativas/parlamentares/neto-correira/@@downloads/Neto_Correira-removebg-preview.png"
            }, 
            "party_affiliation": [
                {
                    "date_affiliation": "2016-03-31", 
                    "date_disaffiliation": "2019-12-31", 
                    "party": "PR"
                }, 
                {
                    "date_affiliation": "2020-01-01", 
                    "date_disaffiliation": "", 
                    "party": "PSB"
                }
            ], 
            "postal_code": "59440-000", 
            "site": "", 
            "telephone": "(84) 98854-7640", 
            "title": "Neto Correira", 
            "uri": "https://www.sitionovo.rn.leg.br/processo-legislativo/atividades-legislativas/parlamentares/neto-correira"
        }, 
        {
            "address": "S\u00edtio Esperan\u00e7a - Serra da Tapuia, 01, Zona Rural - S\u00edtio Novo/RN", 
            "birthday": "1975-05-12", 
            "description": "", 
            "email": "", 
            "full_name": "Wagner de Holanda Brasil", 
            "image": {
                "filename": "Wagner.png", 
                "size": 670702, 
                "uri": "https://www.sitionovo.rn.leg.br/processo-legislativo/atividades-legislativas/parlamentares/wagner-brasil/@@downloads/Wagner.png"
            }, 
            "party_affiliation": [
                {
                    "date_affiliation": "2015-09-30", 
                    "date_disaffiliation": "", 
                    "party": "PMDB"
                }
            ], 
            "postal_code": "59440-000", 
            "site": "", 
            "telephone": "(84) 98714-2687", 
            "title": "Wagner Brasil", 
            "uri": "https://www.sitionovo.rn.leg.br/processo-legislativo/atividades-legislativas/parlamentares/wagner-brasil"
        }, 
        {
            "address": "Rua Sebasti\u00e3o Ferreira Lima, n\u00ba 50 - Centro - Sitio Novo/RN", 
            "birthday": "1965-08-04", 
            "description": "", 
            "email": "", 
            "full_name": "Gesenilda Maria da Silva Belarmino", 
            "image": {
                "filename": "Gesenilda.png", 
                "size": 836960, 
                "uri": "https://www.sitionovo.rn.leg.br/processo-legislativo/atividades-legislativas/parlamentares/gesenilda-belarmino-1/@@downloads/Gesenilda.png"
            }, 
            "party_affiliation": [], 
            "postal_code": "59440000", 
            "site": "", 
            "telephone": "84986036930", 
            "title": "Gesenilda Belarmino", 
            "uri": "https://www.sitionovo.rn.leg.br/processo-legislativo/atividades-legislativas/parlamentares/gesenilda-belarmino-1"
        }, 
        {
            "address": "Rua Sebasti\u00e3o Ferreira Lima, 56 - Centro - S\u00edtio Novo/RN", 
            "birthday": "1973-07-17", 
            "description": "<h1 dir=\"ltr\" data-pm-slice=\"1 1 []\">Biografia Profissional de Jos\u00e9 H\u00e9lio da Silva</h1>\r\n<p dir=\"ltr\"><strong>Nome Completo</strong>: Jos\u00e9 H\u00e9lio da Silva<br /><strong>Data de Nascimento</strong>: 17/07/1973<br /><strong>Nacionalidade/Naturalidade</strong>: Brasileira Nata / Natal, Rio Grande do Norte<br /><strong>G\u00eanero</strong>: Masculino<br /><strong>Estado Civil</strong>: Solteiro<br /><strong>Cor/Ra\u00e7a</strong>: Parda<br /><strong>Quilombola</strong>: N\u00e3o<br /><strong>Grau de Instru\u00e7\u00e3o</strong>: Ensino Fundamental Completo<br /><strong>Ocupa\u00e7\u00e3o</strong>: Comerciante<br /><strong>Cargo Pol\u00edtico</strong>: Vereador em S\u00edtio Novo, RN<br /><strong>Partido</strong>: Uni\u00e3o Brasil (UNI\u00c3O)<br /><strong>Candidato \u00e0 Reelei\u00e7\u00e3o</strong>: Sim</p>\r\n<h2 dir=\"ltr\">Perfil Pessoal e Profissional</h2>\r\n<p dir=\"ltr\">Jos\u00e9 H\u00e9lio da Silva, nascido em 17 de julho de 1973, em Natal, Rio Grande do Norte, \u00e9 um comerciante e vereador de S\u00edtio Novo, RN, com 51 anos. Solteiro e com forma\u00e7\u00e3o em Ensino Fundamental Completo, ele construiu uma trajet\u00f3ria marcada pela dedica\u00e7\u00e3o ao com\u00e9rcio e ao servi\u00e7o p\u00fablico. Como comerciante, Jos\u00e9 H\u00e9lio desenvolveu habilidades em gest\u00e3o, negocia\u00e7\u00e3o e atendimento ao p\u00fablico, trabalhando no setor comercial de S\u00edtio Novo, onde a economia \u00e9 impulsionada pela agricultura familiar e pequenos neg\u00f3cios. Sua experi\u00eancia pr\u00e1tica no com\u00e9rcio o capacita a compreender as necessidades econ\u00f4micas da comunidade, como o apoio a pequenos empreendedores e a gera\u00e7\u00e3o de oportunidades locais.</p>\r\n<h2 dir=\"ltr\">Atua\u00e7\u00e3o Pol\u00edtica</h2>\r\n<p dir=\"ltr\">Jos\u00e9 H\u00e9lio da Silva \u00e9 vereador em S\u00edtio Novo, filiado ao <strong>Uni\u00e3o Brasil (UNI\u00c3O)</strong>, um partido de centro-direita que defende pautas como liberalismo econ\u00f4mico e incentivo ao empreendedorismo. Eleito sem coliga\u00e7\u00f5es, sua campanha reflete um compromisso com os valores do partido e com propostas voltadas para o desenvolvimento do munic\u00edpio. Como vereador, Jos\u00e9 H\u00e9lio foca em pautas que atendem \u00e0s demandas da popula\u00e7\u00e3o, como melhorias na infraestrutura rural, acesso \u00e0 sa\u00fade, educa\u00e7\u00e3o e fortalecimento do com\u00e9rcio local. Sua atua\u00e7\u00e3o \u00e9 guiada por uma abordagem pr\u00e1tica, influenciada por sua experi\u00eancia como comerciante, que o aproxima das necessidades cotidianas dos cidad\u00e3os.</p>\r\n<p dir=\"ltr\">Como <strong>candidato \u00e0 reelei\u00e7\u00e3o</strong>, Jos\u00e9 H\u00e9lio demonstra seu compromisso cont\u00ednuo com S\u00edtio Novo, buscando renovar seu mandato para seguir representando os interesses da comunidade e promovendo pol\u00edticas p\u00fablicas que melhorem a qualidade de vida no munic\u00edpio. Sua trajet\u00f3ria no legislativo destaca sua dedica\u00e7\u00e3o a solu\u00e7\u00f5es pr\u00e1ticas para desafios locais, como o apoio \u00e0 agricultura familiar e a moderniza\u00e7\u00e3o de servi\u00e7os p\u00fablicos.</p>\r\n<h2 dir=\"ltr\">Habilidades e Compet\u00eancias</h2>\r\n<ul class=\"tight\" dir=\"ltr\" data-tight=\"true\">\r\n<li>\r\n<p dir=\"ltr\"><strong>Gest\u00e3o e Negocia\u00e7\u00e3o</strong>: Experi\u00eancia no com\u00e9rcio, com habilidades em administra\u00e7\u00e3o e relacionamento com clientes.</p>\r\n</li>\r\n<li>\r\n<p dir=\"ltr\"><strong>Representa\u00e7\u00e3o Comunit\u00e1ria</strong>: Capacidade de ouvir e atender \u00e0s demandas da popula\u00e7\u00e3o, com foco em desenvolvimento local.</p>\r\n</li>\r\n<li>\r\n<p dir=\"ltr\"><strong>Vis\u00e3o Pr\u00e1tica</strong>: Propostas legislativas baseadas em sua viv\u00eancia como comerciante, priorizando solu\u00e7\u00f5es vi\u00e1veis para S\u00edtio Novo.</p>\r\n</li>\r\n</ul>\r\n<h2 dir=\"ltr\">Considera\u00e7\u00f5es Finais</h2>\r\n<p dir=\"ltr\">Jos\u00e9 H\u00e9lio da Silva \u00e9 uma lideran\u00e7a consolidada em S\u00edtio Novo, combinando sua experi\u00eancia como comerciante com um compromisso firme com o servi\u00e7o p\u00fablico. Sua atua\u00e7\u00e3o como vereador pelo Uni\u00e3o Brasil reflete uma vis\u00e3o pr\u00e1tica e focada no desenvolvimento econ\u00f4mico e social do munic\u00edpio. Como candidato \u00e0 reelei\u00e7\u00e3o, ele busca continuar contribuindo para o progresso de S\u00edtio Novo, trazendo sua experi\u00eancia e proximidade com a comunidade para o legislativo. Para mais informa\u00e7\u00f5es sobre sua atua\u00e7\u00e3o, recomenda-se consultar as atas da C\u00e2mara Municipal de S\u00edtio Novo ou fontes de imprensa local.</p>", 
            "email": "heliofitas@hotmail.com", 
            "full_name": "Jos\u00e9 H\u00e9lio da Silva", 
            "image": {
                "filename": "Jose\u0301 Helio.png", 
                "size": 1406757, 
                "uri": "https://www.sitionovo.rn.leg.br/processo-legislativo/atividades-legislativas/parlamentares/jose-helio-1/@@downloads/Jose\u0301 Helio.png"
            }, 
            "party_affiliation": [
                {
                    "date_affiliation": "2020-01-01", 
                    "date_disaffiliation": "2023-12-31", 
                    "party": "PSB"
                }, 
                {
                    "date_affiliation": "2024-01-01", 
                    "date_disaffiliation": "", 
                    "party": "Uni\u00e3o Brasil (UNI\u00c3O)"
                }
            ], 
            "postal_code": "59440000", 
            "site": "", 
            "telephone": "84987485441", 
            "title": "Jos\u00e9 H\u00e9lio", 
            "uri": "https://www.sitionovo.rn.leg.br/processo-legislativo/atividades-legislativas/parlamentares/jose-helio-1"
        }, 
        {
            "address": "Rua Jos\u00e9 Ferreira Lima, n\u00ba 53 - Centro S\u00edtio Novo, RN", 
            "birthday": "1975-06-05", 
            "description": "", 
            "email": "", 
            "full_name": "ADEGILSON GON\u00c7ALO DE SOUZA", 
            "image": {
                "filename": "Adegilson_Gon\u00e7alo-removebg-preview.png", 
                "size": 318737, 
                "uri": "https://www.sitionovo.rn.leg.br/processo-legislativo/atividades-legislativas/parlamentares/adegilson-goncalo/@@downloads/Adegilson_Gon\u00e7alo-removebg-preview.png"
            }, 
            "party_affiliation": [
                {
                    "date_affiliation": "2020-01-01", 
                    "date_disaffiliation": "", 
                    "party": "PSB"
                }
            ], 
            "postal_code": "59440000", 
            "site": "", 
            "telephone": "84987485441", 
            "title": "Adegilson Gon\u00e7alo", 
            "uri": "https://www.sitionovo.rn.leg.br/processo-legislativo/atividades-legislativas/parlamentares/adegilson-goncalo"
        }, 
        {
            "address": "Rua Jos\u00e9 Ferreira Lima, n\u00ba 53 - Centro - Sitio Novo/RN", 
            "birthday": "1985-12-12", 
            "description": "<h1 dir=\"ltr\" data-pm-slice=\"1 1 []\">Biografia Profissional de Maria das Vit\u00f3rias Mafra Belarmino</h1>\r\n<p dir=\"ltr\"><strong>Nome Completo</strong>: Maria das Vit\u00f3rias Mafra Belarmino<br /><strong>Data de Nascimento</strong>: 12/12/1985<br /><strong>Nacionalidade/Naturalidade</strong>: Brasileira Nata / S\u00edtio Novo, Rio Grande do Norte<br /><strong>G\u00eanero</strong>: Feminino<br /><strong>Identidade de G\u00eanero</strong>: Cisg\u00eanero<br /><strong>Cor/Ra\u00e7a</strong>: Branca<br /><strong>Etnia Ind\u00edgena</strong>: N\u00e3o Informado<br /><strong>Quilombola</strong>: N\u00e3o<br /><strong>Estado Civil</strong>: Casada<br /><strong>Grau de Instru\u00e7\u00e3o</strong>: Ensino M\u00e9dio Completo<br /><strong>Ocupa\u00e7\u00e3o</strong>: Agricultora<br /><strong>Cargo Pol\u00edtico</strong>: Vereadora em S\u00edtio Novo, RN (Segundo Mandato)<br /><strong>Federa\u00e7\u00e3o</strong>: Federa\u00e7\u00e3o Brasil da Esperan\u00e7a - FE Brasil (PT/PC do B/PV)<br /><strong>Candidata \u00e0 Reelei\u00e7\u00e3o</strong>: Sim<br /><strong>Cargos de Lideran\u00e7a</strong>: Presidente da C\u00e2mara Municipal de S\u00edtio Novo (Bi\u00eanio 2023/2024; Reeleita para o Bi\u00eanio 2025/2026)</p>\r\n<h2 dir=\"ltr\">Perfil Pessoal e Profissional</h2>\r\n<p dir=\"ltr\">Maria das Vit\u00f3rias Mafra Belarmino, nascida em 12 de dezembro de 1985, em S\u00edtio Novo, Rio Grande do Norte, \u00e9 uma agricultora e vereadora que se destaca como uma lideran\u00e7a consolidada em sua comunidade. Aos 39 anos, casada e com Ensino M\u00e9dio Completo, Maria das Vit\u00f3rias combina sua experi\u00eancia no trabalho rural com uma trajet\u00f3ria pol\u00edtica marcada por dedica\u00e7\u00e3o e protagonismo. Como agricultora, ela atua em um setor essencial para a economia de S\u00edtio Novo, onde a agricultura familiar, incluindo o cultivo de milho, feij\u00e3o e outras culturas, sustenta muitas fam\u00edlias. Sua viv\u00eancia no campo a conecta diretamente aos desafios enfrentados pelos trabalhadores rurais, como acesso \u00e0 \u00e1gua, assist\u00eancia t\u00e9cnica e comercializa\u00e7\u00e3o de produtos agr\u00edcolas.</p>\r\n<p dir=\"ltr\">Sua experi\u00eancia profissional reflete um compromisso com o desenvolvimento sustent\u00e1vel e a resili\u00eancia das comunidades rurais, qualidades que ela traz para sua atua\u00e7\u00e3o no legislativo. Maria das Vit\u00f3rias \u00e9 reconhecida por sua capacidade de lideran\u00e7a e por sua habilidade em articular solu\u00e7\u00f5es pr\u00e1ticas para os problemas locais, consolidando sua posi\u00e7\u00e3o como uma figura influente em S\u00edtio Novo.</p>\r\n<h2 dir=\"ltr\">Atua\u00e7\u00e3o Pol\u00edtica</h2>\r\n<p dir=\"ltr\">Maria das Vit\u00f3rias \u00e9 vereadora em S\u00edtio Novo, atualmente em seu <strong>segundo mandato</strong>, filiada \u00e0 <strong>Federa\u00e7\u00e3o Brasil da Esperan\u00e7a - FE Brasil</strong>, composta pelo PT (Partido dos Trabalhadores), PC do B (Partido Comunista do Brasil) e PV (Partido Verde). A federa\u00e7\u00e3o defende pautas progressistas, como justi\u00e7a social, inclus\u00e3o, sustentabilidade e apoio \u00e0 agricultura familiar, valores que guiam a atua\u00e7\u00e3o de Maria das Vit\u00f3rias no legislativo. Sua filia\u00e7\u00e3o reflete um compromisso com pol\u00edticas que promovam igualdade, desenvolvimento econ\u00f4mico e prote\u00e7\u00e3o ambiental, especialmente relevantes em um munic\u00edpio rural como S\u00edtio Novo.</p>\r\n<p dir=\"ltr\">Como vereadora, Maria das Vit\u00f3rias foca em pautas que atendem \u00e0s necessidades da popula\u00e7\u00e3o, com \u00eanfase em infraestrutura rural, sa\u00fade, educa\u00e7\u00e3o e fortalecimento da agricultura familiar. Suas propostas incluem iniciativas para melhorar o acesso a recursos h\u00eddricos, expandir programas de assist\u00eancia t\u00e9cnica para agricultores e facilitar a comercializa\u00e7\u00e3o de produtos locais. Al\u00e9m disso, ela advoga por pol\u00edticas que promovam a inclus\u00e3o de mulheres e jovens no mercado de trabalho e na pol\u00edtica, refletindo sua pr\u00f3pria trajet\u00f3ria como mulher l\u00edder em um contexto rural.</p>\r\n<h3 dir=\"ltr\">Lideran\u00e7a na C\u00e2mara Municipal</h3>\r\n<p dir=\"ltr\">Maria das Vit\u00f3rias se destacou como <strong>Presidente da C\u00e2mara Municipal de S\u00edtio Novo</strong> no bi\u00eanio 2023/2024, per\u00edodo em que liderou a gest\u00e3o do legislativo municipal, coordenando sess\u00f5es, articulando consensos entre vereadores e fiscalizando as a\u00e7\u00f5es do executivo. Sua gest\u00e3o foi marcada por esfor\u00e7os para modernizar os processos legislativos, aumentar a transpar\u00eancia e fortalecer o di\u00e1logo com a comunidade. Sua compet\u00eancia \u00e0 frente da C\u00e2mara a levou a ser <strong>reeleita presidente para o bi\u00eanio 2025/2026</strong>, um reconhecimento de sua lideran\u00e7a e capacidade de gest\u00e3o.</p>\r\n<p dir=\"ltr\">Como <strong>candidata \u00e0 reelei\u00e7\u00e3o</strong> para um terceiro mandato como vereadora, Maria das Vit\u00f3rias busca consolidar suas contribui\u00e7\u00f5es e expandir seu impacto no munic\u00edpio. Sua atua\u00e7\u00e3o \u00e9 caracterizada por uma abordagem pr\u00e1tica, pr\u00f3xima da comunidade e alinhada aos valores progressistas da Federa\u00e7\u00e3o Brasil da Esperan\u00e7a, com foco em pol\u00edticas que promovam o desenvolvimento sustent\u00e1vel e a qualidade de vida.</p>\r\n<h2 dir=\"ltr\">Habilidades e Compet\u00eancias</h2>\r\n<ul class=\"tight\" dir=\"ltr\" data-tight=\"true\">\r\n<li>\r\n<p dir=\"ltr\"><strong>Lideran\u00e7a e Gest\u00e3o</strong>: Experi\u00eancia como presidente da C\u00e2mara Municipal, com habilidade em coordenar equipes, gerir processos legislativos e articular consensos.</p>\r\n</li>\r\n<li>\r\n<p dir=\"ltr\"><strong>Conhecimento do Setor Agr\u00edcola</strong>: Viv\u00eancia como agricultora, com compreens\u00e3o profunda dos desafios enfrentados pelos trabalhadores rurais.</p>\r\n</li>\r\n<li>\r\n<p dir=\"ltr\"><strong>Engajamento Comunit\u00e1rio</strong>: Capacidade de ouvir e representar as demandas da popula\u00e7\u00e3o, com foco em inclus\u00e3o e desenvolvimento local.</p>\r\n</li>\r\n<li>\r\n<p dir=\"ltr\"><strong>Defesa de Pautas Progressistas</strong>: Compromisso com pol\u00edticas que promovam justi\u00e7a social, sustentabilidade e apoio \u00e0 agricultura familiar.</p>\r\n</li>\r\n</ul>\r\n<h2 dir=\"ltr\">Contribui\u00e7\u00f5es para S\u00edtio Novo</h2>\r\n<p dir=\"ltr\">Durante seus mandatos, Maria das Vit\u00f3rias tem desempenhado um papel central na C\u00e2mara Municipal, propondo e apoiando projetos de lei, indica\u00e7\u00f5es e requerimentos que abordam os desafios de S\u00edtio Novo. Sua atua\u00e7\u00e3o inclui esfor\u00e7os para melhorar a infraestrutura rural, como a manuten\u00e7\u00e3o de estradas e a\u00e7udes, e para fortalecer a economia local, com iniciativas que apoiam pequenos agricultores e comerciantes. Como presidente da C\u00e2mara, ela tamb\u00e9m trabalhou para aumentar a participa\u00e7\u00e3o popular no legislativo, promovendo audi\u00eancias p\u00fablicas e aproximando a popula\u00e7\u00e3o das decis\u00f5es pol\u00edticas.</p>\r\n<p dir=\"ltr\">Em um munic\u00edpio onde a agricultura familiar \u00e9 um pilar econ\u00f4mico, Maria das Vit\u00f3rias se destaca por sua defesa de pol\u00edticas que garantam o sustento das fam\u00edlias rurais, como programas de cr\u00e9dito agr\u00edcola, capacita\u00e7\u00e3o para agricultores e incentivos \u00e0 comercializa\u00e7\u00e3o. Sua lideran\u00e7a tem sido fundamental para posicionar S\u00edtio Novo como um munic\u00edpio comprometido com o desenvolvimento sustent\u00e1vel e a inclus\u00e3o social.</p>\r\n<h2 dir=\"ltr\">Considera\u00e7\u00f5es Finais</h2>\r\n<p dir=\"ltr\">Maria das Vit\u00f3rias Mafra Belarmino \u00e9 uma lideran\u00e7a consolidada em S\u00edtio Novo, cuja trajet\u00f3ria combina sua experi\u00eancia como agricultora com uma atua\u00e7\u00e3o pol\u00edtica marcada por compet\u00eancia e compromisso. Em seu segundo mandato como vereadora e como presidente da C\u00e2mara Municipal (2023/2024 e reeleita para 2025/2026), ela demonstra habilidade em liderar o legislativo e representar os interesses da comunidade. Sua candidatura \u00e0 reelei\u00e7\u00e3o reflete sua determina\u00e7\u00e3o em continuar contribuindo para o progresso de S\u00edtio Novo, com foco em justi\u00e7a social, sustentabilidade e desenvolvimento rural. Para mais detalhes sobre sua atua\u00e7\u00e3o legislativa, recomenda-se consultar as atas da C\u00e2mara Municipal de S\u00edtio Novo ou fontes de imprensa local.</p>", 
            "email": "", 
            "full_name": "Maria das Vitorias Mafra Belarmino", 
            "image": {
                "filename": "vitoria.png", 
                "size": 1657052, 
                "uri": "https://www.sitionovo.rn.leg.br/processo-legislativo/atividades-legislativas/parlamentares/vitoria-mafra/@@downloads/vitoria.png"
            }, 
            "party_affiliation": [
                {
                    "date_affiliation": "2020-01-01", 
                    "date_disaffiliation": "2023-12-31", 
                    "party": "PP"
                }, 
                {
                    "date_affiliation": "2024-02-01", 
                    "date_disaffiliation": "", 
                    "party": "Partido Verde - PV"
                }
            ], 
            "postal_code": "59440000", 
            "site": "www.sitionovo.rn.leg.br", 
            "telephone": "00000000000", 
            "title": "Vit\u00f3ria Mafra", 
            "uri": "https://www.sitionovo.rn.leg.br/processo-legislativo/atividades-legislativas/parlamentares/vitoria-mafra"
        }, 
        {
            "address": "Rua Jos\u00e9 Ferreira Lima, n\u00ba 53 - Centro - Sitio Novo/RN", 
            "birthday": "1977-03-23", 
            "description": "<h1 dir=\"ltr\" data-pm-slice=\"1 1 []\">Biografia Profissional de Margarida do Desterro da Silva</h1>\r\n<p dir=\"ltr\"><strong>Nome Completo</strong>: Margarida do Desterro da Silva<br /><strong>Data de Nascimento</strong>: 23/03/1977<br /><strong>Nacionalidade/Naturalidade</strong>: Brasileira Nata / S\u00edtio Novo, Rio Grande do Norte<br /><strong>G\u00eanero</strong>: Feminino<br /><strong>Orienta\u00e7\u00e3o Sexual</strong>: Heterossexual<br /><strong>Cor/Ra\u00e7a</strong>: Branca<br /><strong>Etnia Ind\u00edgena</strong>: N\u00e3o Informado<br /><strong>Quilombola</strong>: N\u00e3o<br /><strong>Estado Civil</strong>: Casada<br /><strong>Grau de Instru\u00e7\u00e3o</strong>: Ensino M\u00e9dio Completo<br /><strong>Ocupa\u00e7\u00e3o</strong>: Outros<br /><strong>Cargo Pol\u00edtico</strong>: Vereadora em S\u00edtio Novo, RN<br /><strong>Partido</strong>: Partido dos Trabalhadores (PT)<br /><strong>Federa\u00e7\u00e3o</strong>: Federa\u00e7\u00e3o Brasil da Esperan\u00e7a - FE Brasil (PT/PC do B/PV)<br /><strong>Candidata \u00e0 Reelei\u00e7\u00e3o</strong>: Sim</p>\r\n<h2 dir=\"ltr\">Perfil Pessoal e Profissional</h2>\r\n<p dir=\"ltr\">Margarida do Desterro da Silva, nascida em 23 de mar\u00e7o de 1977, em S\u00edtio Novo, Rio Grande do Norte, \u00e9 uma vereadora e cidad\u00e3 engajada de 48 anos. Casada, com Ensino M\u00e9dio Completo, Margarida tem uma trajet\u00f3ria marcada pelo compromisso com sua comunidade natal. Embora sua ocupa\u00e7\u00e3o seja registrada como \"Outros\", o que n\u00e3o especifica uma atividade profissional detalhada, sua atua\u00e7\u00e3o como vereadora sugere uma forte conex\u00e3o com as demandas sociais e econ\u00f4micas de S\u00edtio Novo, um munic\u00edpio onde a agricultura familiar e o com\u00e9rcio local s\u00e3o pilares da economia. Sua viv\u00eancia local a capacita a compreender os desafios enfrentados pela popula\u00e7\u00e3o, como acesso a servi\u00e7os b\u00e1sicos, infraestrutura rural e oportunidades de trabalho.</p>\r\n<p dir=\"ltr\">Margarida traz para a pol\u00edtica uma perspectiva enraizada em sua experi\u00eancia como cidad\u00e3 de S\u00edtio Novo, com foco em representar os interesses da comunidade e promover melhorias na qualidade de vida dos moradores.</p>\r\n<h2 dir=\"ltr\">Atua\u00e7\u00e3o Pol\u00edtica</h2>\r\n<p dir=\"ltr\">Margarida do Desterro da Silva \u00e9 vereadora em S\u00edtio Novo, filiada ao <strong>Partido dos Trabalhadores (PT)</strong>, integrante da <strong>Federa\u00e7\u00e3o Brasil da Esperan\u00e7a - FE Brasil</strong>, composta pelo PT, PC do B (Partido Comunista do Brasil) e PV (Partido Verde). A federa\u00e7\u00e3o \u00e9 reconhecida por sua defesa de pautas progressistas, incluindo justi\u00e7a social, inclus\u00e3o, apoio \u00e0 agricultura familiar e pol\u00edticas de desenvolvimento sustent\u00e1vel. Como membro do PT, Margarida provavelmente prioriza iniciativas que promovam igualdade, acesso a direitos e fortalecimento das comunidades rurais.</p>\r\n<p dir=\"ltr\">No legislativo, Margarida concentra-se em pautas que atendem \u00e0s necessidades de S\u00edtio Novo, como melhorias na infraestrutura, sa\u00fade, educa\u00e7\u00e3o e apoio aos trabalhadores rurais. Em um munic\u00edpio onde a agricultura familiar \u00e9 essencial, suas a\u00e7\u00f5es podem incluir propostas para facilitar o acesso a recursos h\u00eddricos, assist\u00eancia t\u00e9cnica para pequenos produtores e incentivos \u00e0 comercializa\u00e7\u00e3o de produtos agr\u00edcolas. Al\u00e9m disso, sua atua\u00e7\u00e3o reflete os valores do PT, com \u00eanfase em pol\u00edticas inclusivas que beneficiem grupos vulner\u00e1veis, como mulheres e trabalhadores rurais.</p>\r\n<p dir=\"ltr\">Como <strong>candidata \u00e0 reelei\u00e7\u00e3o</strong>, Margarida demonstra seu compromisso cont\u00ednuo com o desenvolvimento de S\u00edtio Novo, buscando renovar seu mandato para ampliar suas contribui\u00e7\u00f5es no legislativo. Sua atua\u00e7\u00e3o \u00e9 caracterizada por uma abordagem pr\u00f3xima da comunidade, com foco em ouvir e representar as demandas dos cidad\u00e3os.</p>\r\n<h2 dir=\"ltr\">Habilidades e Compet\u00eancias</h2>\r\n<ul class=\"tight\" dir=\"ltr\" data-tight=\"true\">\r\n<li>\r\n<p dir=\"ltr\"><strong>Engajamento Comunit\u00e1rio</strong>: Forte conex\u00e3o com a popula\u00e7\u00e3o de S\u00edtio Novo, com habilidade para representar as demandas locais.</p>\r\n</li>\r\n<li>\r\n<p dir=\"ltr\"><strong>Defesa de Pautas Sociais</strong>: Compromisso com pol\u00edticas progressistas, alinhadas aos valores do PT, como justi\u00e7a social e inclus\u00e3o.</p>\r\n</li>\r\n<li>\r\n<p dir=\"ltr\"><strong>Vis\u00e3o Local</strong>: Profundo conhecimento das necessidades de S\u00edtio Novo, com foco em solu\u00e7\u00f5es pr\u00e1ticas para desafios rurais e sociais.</p>\r\n</li>\r\n</ul>\r\n<h2 dir=\"ltr\">Considera\u00e7\u00f5es Finais</h2>\r\n<p dir=\"ltr\">Margarida do Desterro da Silva \u00e9 uma lideran\u00e7a dedicada em S\u00edtio Novo, cuja trajet\u00f3ria reflete seu compromisso com a comunidade onde nasceu. Como vereadora pelo Partido dos Trabalhadores, dentro da Federa\u00e7\u00e3o Brasil da Esperan\u00e7a, ela atua em prol de pautas que promovem justi\u00e7a social, desenvolvimento sustent\u00e1vel e apoio \u00e0 agricultura familiar. Sua candidatura \u00e0 reelei\u00e7\u00e3o evidencia sua determina\u00e7\u00e3o em continuar contribuindo para o progresso do munic\u00edpio, trazendo sua perspectiva comunit\u00e1ria e engajamento para um novo mandato. Para mais detalhes sobre sua atua\u00e7\u00e3o legislativa, recomenda-se consultar as atas da C\u00e2mara Municipal de S\u00edtio Novo ou fontes de imprensa local.</p>", 
            "email": "", 
            "full_name": "Margarida do Desterro da Silva", 
            "image": {
                "filename": "Margarida do Desterro.png", 
                "size": 1503862, 
                "uri": "https://www.sitionovo.rn.leg.br/processo-legislativo/atividades-legislativas/parlamentares/lidinha/@@downloads/Margarida do Desterro.png"
            }, 
            "party_affiliation": [
                {
                    "date_affiliation": "2020-01-01", 
                    "date_disaffiliation": "2023-12-31", 
                    "party": "PP"
                }, 
                {
                    "date_affiliation": "2024-02-01", 
                    "date_disaffiliation": "", 
                    "party": "Partido dos Trabalhadores (PT)"
                }
            ], 
            "postal_code": "59440000", 
            "site": "www.sitionovo.rn.leg.br", 
            "telephone": "00000000000", 
            "title": "Lidinha", 
            "uri": "https://www.sitionovo.rn.leg.br/processo-legislativo/atividades-legislativas/parlamentares/lidinha"
        }, 
        {
            "address": "Rua Jos\u00e9 Ferreira Lima, n\u00ba 53 - Centro - Sitio Novo/RN", 
            "birthday": "1984-07-15", 
            "description": "<h1 dir=\"ltr\" data-pm-slice=\"1 1 []\">Biografia Profissional de Maria Janileide de Souza Dantas</h1>\r\n<p dir=\"ltr\"><strong>Nome Completo</strong>: Maria Janileide de Souza Dantas<br /><strong>Data de Nascimento</strong>: 15/07/1984<br /><strong>Nacionalidade/Naturalidade</strong>: Brasileira Nata / Santa Cruz, Rio Grande do Norte<br /><strong>G\u00eanero</strong>: Feminino<br /><strong>Identidade de G\u00eanero</strong>: Cisg\u00eanero<br /><strong>Orienta\u00e7\u00e3o Sexual</strong>: Heterossexual<br /><strong>Cor/Ra\u00e7a</strong>: Branca<br /><strong>Etnia Ind\u00edgena</strong>: N\u00e3o Informado<br /><strong>Quilombola</strong>: N\u00e3o<br /><strong>Estado Civil</strong>: Casada<br /><strong>Grau de Instru\u00e7\u00e3o</strong>: Ensino M\u00e9dio Completo<br /><strong>Ocupa\u00e7\u00e3o</strong>: Agricultora<br /><strong>Cargo Pol\u00edtico</strong>: Vereadora em S\u00edtio Novo, RN<br /><strong>Federa\u00e7\u00e3o</strong>: Federa\u00e7\u00e3o Brasil da Esperan\u00e7a - FE Brasil (PT/PC do B/PV)<br /><strong>Candidata \u00e0 Reelei\u00e7\u00e3o</strong>: Sim</p>\r\n<h2 dir=\"ltr\">Perfil Pessoal e Profissional</h2>\r\n<p dir=\"ltr\">Maria Janileide de Souza Dantas, nascida em 15 de julho de 1984, em Santa Cruz, Rio Grande do Norte, \u00e9 uma agricultora e vereadora de S\u00edtio Novo, RN, com 40 anos. Casada, com Ensino M\u00e9dio Completo, Maria Janileide se destaca pela sua dedica\u00e7\u00e3o ao trabalho rural e ao servi\u00e7o p\u00fablico. Como agricultora, ela atua em um setor fundamental para a economia de S\u00edtio Novo, onde a agricultura familiar, incluindo o cultivo de culturas como milho e feij\u00e3o, \u00e9 um pilar econ\u00f4mico. Sua experi\u00eancia no campo a torna profundamente conectada \u00e0s necessidades dos trabalhadores rurais, permitindo-lhe compreender os desafios enfrentados pela comunidade, como acesso \u00e0 \u00e1gua, melhoria de estradas rurais e apoio t\u00e9cnico para a produ\u00e7\u00e3o agr\u00edcola.</p>\r\n<p dir=\"ltr\">Sua trajet\u00f3ria profissional reflete resili\u00eancia e comprometimento com o desenvolvimento local, qualidades que ela aplica em sua atua\u00e7\u00e3o pol\u00edtica, representando os interesses dos agricultores e da popula\u00e7\u00e3o de S\u00edtio Novo.</p>\r\n<h2 dir=\"ltr\">Atua\u00e7\u00e3o Pol\u00edtica</h2>\r\n<p dir=\"ltr\">Maria Janileide \u00e9 vereadora em S\u00edtio Novo, filiada \u00e0 <strong>Federa\u00e7\u00e3o Brasil da Esperan\u00e7a - FE Brasil</strong>, composta pelos partidos PT (Partido dos Trabalhadores), PC do B (Partido Comunista do Brasil) e PV (Partido Verde). Essa federa\u00e7\u00e3o \u00e9 conhecida por seu alinhamento com pautas progressistas, como justi\u00e7a social, sustentabilidade e apoio \u00e0 agricultura familiar, valores que provavelmente orientam a atua\u00e7\u00e3o de Maria Janileide no legislativo. Sua campanha, apoiada pela federa\u00e7\u00e3o, reflete um compromisso com pol\u00edticas inclusivas e voltadas para o bem-estar da comunidade.</p>\r\n<p dir=\"ltr\">No legislativo, Maria Janileide foca em pautas que atendem \u00e0s demandas de S\u00edtio Novo, como melhorias na infraestrutura rural, acesso \u00e0 sa\u00fade, educa\u00e7\u00e3o e fortalecimento da agricultura familiar. Sua experi\u00eancia como agricultora traz uma perspectiva \u00fanica para a formula\u00e7\u00e3o de pol\u00edticas p\u00fablicas, com \u00eanfase em iniciativas que promovam a sustentabilidade, o acesso a recursos para pequenos produtores e a melhoria da qualidade de vida no munic\u00edpio. Propostas como a amplia\u00e7\u00e3o de programas de assist\u00eancia t\u00e9cnica, incentivo \u00e0 comercializa\u00e7\u00e3o de produtos agr\u00edcolas e melhorias no transporte rural podem estar entre suas prioridades.</p>\r\n<p dir=\"ltr\">Como <strong>candidata \u00e0 reelei\u00e7\u00e3o</strong>, Maria Janileide demonstra seu compromisso cont\u00ednuo com S\u00edtio Novo, buscando renovar seu mandato para consolidar e expandir suas contribui\u00e7\u00f5es no legislativo. Sua atua\u00e7\u00e3o \u00e9 marcada por uma abordagem pr\u00e1tica e pr\u00f3xima da comunidade, refletindo sua viv\u00eancia no campo e sua dedica\u00e7\u00e3o ao servi\u00e7o p\u00fablico.</p>\r\n<h2 dir=\"ltr\">Habilidades e Compet\u00eancias</h2>\r\n<ul class=\"tight\" dir=\"ltr\" data-tight=\"true\">\r\n<li>\r\n<p dir=\"ltr\"><strong>Conhecimento do Setor Agr\u00edcola</strong>: Experi\u00eancia pr\u00e1tica como agricultora, com compreens\u00e3o das necessidades e desafios dos trabalhadores rurais.</p>\r\n</li>\r\n<li>\r\n<p dir=\"ltr\"><strong>Engajamento Comunit\u00e1rio</strong>: Habilidade em representar e atender \u00e0s demandas da popula\u00e7\u00e3o, com foco na agricultura familiar e no desenvolvimento local.</p>\r\n</li>\r\n<li>\r\n<p dir=\"ltr\"><strong>Defesa de Pautas Sociais</strong>: Compromisso com pol\u00edticas inclusivas e sustent\u00e1veis, alinhadas aos valores da Federa\u00e7\u00e3o Brasil da Esperan\u00e7a.</p>\r\n</li>\r\n</ul>\r\n<h2 dir=\"ltr\">Considera\u00e7\u00f5es Finais</h2>\r\n<p dir=\"ltr\">Maria Janileide de Souza Dantas \u00e9 uma lideran\u00e7a em S\u00edtio Novo, cuja trajet\u00f3ria combina sua experi\u00eancia como agricultora com um forte compromisso com o servi\u00e7o p\u00fablico. Sua atua\u00e7\u00e3o como vereadora pela Federa\u00e7\u00e3o Brasil da Esperan\u00e7a reflete sua dedica\u00e7\u00e3o a pautas que promovem o desenvolvimento econ\u00f4mico e social, com foco na agricultura familiar e na melhoria da qualidade de vida da comunidade. Como candidata \u00e0 reelei\u00e7\u00e3o, ela busca continuar seu trabalho no legislativo, trazendo sua perspectiva pr\u00e1tica e engajamento comunit\u00e1rio para um novo mandato. Para mais detalhes sobre sua atua\u00e7\u00e3o, recomenda-se consultar as atas da C\u00e2mara Municipal de S\u00edtio Novo ou fontes de imprensa local.</p>", 
            "email": "", 
            "full_name": "Maria Janileide de Souza Dantas", 
            "image": {
                "filename": "Maria Janileide.png", 
                "size": 1309149, 
                "uri": "https://www.sitionovo.rn.leg.br/processo-legislativo/atividades-legislativas/parlamentares/janileide-de-neco/@@downloads/Maria Janileide.png"
            }, 
            "party_affiliation": [
                {
                    "date_affiliation": "2020-01-01", 
                    "date_disaffiliation": "2023-12-31", 
                    "party": "PSB"
                }, 
                {
                    "date_affiliation": "2024-02-01", 
                    "date_disaffiliation": "", 
                    "party": "Partido Verde - PV"
                }
            ], 
            "postal_code": "59440000", 
            "site": "www.sitionovo.rn.leg.br", 
            "telephone": "00000000000", 
            "title": "Janileide de Neco", 
            "uri": "https://www.sitionovo.rn.leg.br/processo-legislativo/atividades-legislativas/parlamentares/janileide-de-neco"
        }, 
        {
            "address": "Rua Jos\u00e9 Ferreira Lima, n\u00ba 53 - Centro - Sitio Novo/RN", 
            "birthday": "1985-02-01", 
            "description": "<h1 dir=\"ltr\" data-pm-slice=\"1 1 []\">Biografia Profissional de Uesclay Carneiro da Silva</h1>\r\n<p dir=\"ltr\"><strong>Nome Completo</strong>: Uesclay Carneiro da Silva<br /><strong>Data de Nascimento</strong>: 03/01/1985<br /><strong>Nacionalidade/Naturalidade</strong>: Brasileira Nata / Santa Cruz, Rio Grande do Norte<br /><strong>G\u00eanero</strong>: Masculino<br /><strong>Identidade de G\u00eanero</strong>: Cisg\u00eanero<br /><strong>Orienta\u00e7\u00e3o Sexual</strong>: Heterossexual<br /><strong>Cor/Ra\u00e7a</strong>: Parda<br /><strong>Etnia Ind\u00edgena</strong>: N\u00e3o Informado<br /><strong>Quilombola</strong>: N\u00e3o<br /><strong>Estado Civil</strong>: Solteiro<br /><strong>Grau de Instru\u00e7\u00e3o</strong>: Ensino Fundamental Completo<br /><strong>Ocupa\u00e7\u00e3o</strong>: Motorista de Ve\u00edculos de Transporte Coletivo de Passageiros<br /><strong>Cargo Pol\u00edtico</strong>: Vereador em S\u00edtio Novo, RN<br /><strong>Federa\u00e7\u00e3o</strong>: Federa\u00e7\u00e3o Brasil da Esperan\u00e7a - FE Brasil (PT/PC do B/PV)<br /><strong>Candidato \u00e0 Reelei\u00e7\u00e3o</strong>: N\u00e3o</p>\r\n<h2 dir=\"ltr\">Perfil Pessoal e Profissional</h2>\r\n<p dir=\"ltr\">Uesclay Carneiro da Silva, nascido em 3 de janeiro de 1985, em Santa Cruz, Rio Grande do Norte, \u00e9 um vereador e motorista de transporte coletivo de passageiros em S\u00edtio Novo, RN. Aos 40 anos, solteiro e com Ensino Fundamental Completo, Uesclay \u00e9 um profissional cuja trajet\u00f3ria reflete dedica\u00e7\u00e3o ao trabalho e \u00e0 comunidade. Sua ocupa\u00e7\u00e3o como motorista de ve\u00edculos de transporte coletivo, como vans ou \u00f4nibus, exige responsabilidade, pontualidade e habilidades interpessoais, j\u00e1 que lida diretamente com a popula\u00e7\u00e3o, garantindo a mobilidade de trabalhadores, estudantes e moradores em geral. Essa experi\u00eancia o coloca em contato constante com as necessidades e desafios dos cidad\u00e3os de S\u00edtio Novo, um munic\u00edpio de pequeno porte onde a infraestrutura de transporte e estradas rurais desempenha um papel crucial na vida cotidiana.</p>\r\n<p dir=\"ltr\">Como motorista, Uesclay desenvolveu um profundo senso de compromisso com a seguran\u00e7a e o bem-estar da comunidade, al\u00e9m de um entendimento pr\u00e1tico dos problemas de mobilidade e infraestrutura no munic\u00edpio. Sua viv\u00eancia profissional o capacita a identificar quest\u00f5es como a necessidade de manuten\u00e7\u00e3o de estradas, amplia\u00e7\u00e3o de rotas de transporte e melhorias no acesso a servi\u00e7os essenciais, temas que provavelmente influenciam sua atua\u00e7\u00e3o pol\u00edtica.</p>\r\n<h2 dir=\"ltr\">Atua\u00e7\u00e3o Pol\u00edtica</h2>\r\n<p dir=\"ltr\">Uesclay Carneiro da Silva \u00e9 vereador em S\u00edtio Novo, filiado \u00e0 <strong>Federa\u00e7\u00e3o Brasil da Esperan\u00e7a - FE Brasil</strong>, composta pelo PT (Partido dos Trabalhadores), PC do B (Partido Comunista do Brasil) e PV (Partido Verde). A federa\u00e7\u00e3o defende pautas progressistas, como justi\u00e7a social, inclus\u00e3o, apoio \u00e0 agricultura familiar e sustentabilidade, valores que orientam a atua\u00e7\u00e3o de Uesclay no legislativo. Sua filia\u00e7\u00e3o reflete um compromisso com pol\u00edticas que promovam igualdade, desenvolvimento econ\u00f4mico e melhorias na qualidade de vida da popula\u00e7\u00e3o rural e urbana de S\u00edtio Novo.</p>\r\n<p dir=\"ltr\">No legislativo, Uesclay foca em pautas que atendem \u00e0s demandas da comunidade, com \u00eanfase em infraestrutura, mobilidade, sa\u00fade e educa\u00e7\u00e3o. Dado seu trabalho como motorista de transporte coletivo, ele possui uma perspectiva \u00fanica sobre os desafios de locomo\u00e7\u00e3o no munic\u00edpio, como a precariedade de estradas rurais e a necessidade de transporte acess\u00edvel para conectar comunidades mais afastadas ao centro de S\u00edtio Novo. Suas propostas podem incluir melhorias na manuten\u00e7\u00e3o de vias, amplia\u00e7\u00e3o de linhas de transporte p\u00fablico e iniciativas para apoiar trabalhadores rurais, como acesso a recursos h\u00eddricos e assist\u00eancia t\u00e9cnica para a agricultura familiar, que \u00e9 um pilar econ\u00f4mico do munic\u00edpio.</p>\r\n<p dir=\"ltr\">Embora <strong>n\u00e3o seja candidato \u00e0 reelei\u00e7\u00e3o</strong>, a atua\u00e7\u00e3o de Uesclay como vereador demonstra seu compromisso com o servi\u00e7o p\u00fablico durante seu mandato. Sua decis\u00e3o de n\u00e3o concorrer novamente pode refletir uma escolha pessoal de focar em sua carreira profissional ou explorar outras formas de contribuir para a comunidade, seja no setor de transporte ou em iniciativas locais. Sua experi\u00eancia no legislativo, combinada com sua viv\u00eancia como motorista, deixa um legado de representa\u00e7\u00e3o pr\u00e1tica e pr\u00f3xima das necessidades dos cidad\u00e3os.</p>\r\n<h2 dir=\"ltr\">Habilidades e Compet\u00eancias</h2>\r\n<ul class=\"tight\" dir=\"ltr\" data-tight=\"true\">\r\n<li>\r\n<p dir=\"ltr\"><strong>Conhecimento em Mobilidade</strong>: Experi\u00eancia como motorista de transporte coletivo, com compreens\u00e3o dos desafios de infraestrutura e transporte em \u00e1reas rurais.</p>\r\n</li>\r\n<li>\r\n<p dir=\"ltr\"><strong>Engajamento Comunit\u00e1rio</strong>: Habilidade em ouvir e representar as demandas da popula\u00e7\u00e3o, com base em sua intera\u00e7\u00e3o di\u00e1ria com os moradores.</p>\r\n</li>\r\n<li>\r\n<p dir=\"ltr\"><strong>Defesa de Pautas Sociais</strong>: Compromisso com pol\u00edticas progressistas, alinhadas aos valores da Federa\u00e7\u00e3o Brasil da Esperan\u00e7a, focando em inclus\u00e3o e desenvolvimento local.</p>\r\n</li>\r\n<li>\r\n<p dir=\"ltr\"><strong>Resolu\u00e7\u00e3o de Problemas Pr\u00e1ticos</strong>: Capacidade de propor solu\u00e7\u00f5es vi\u00e1veis para quest\u00f5es como infraestrutura e acesso a servi\u00e7os, baseada em sua viv\u00eancia profissional.</p>\r\n</li>\r\n</ul>\r\n<h2 dir=\"ltr\">Contribui\u00e7\u00f5es para S\u00edtio Novo</h2>\r\n<p dir=\"ltr\">Como vereador, Uesclay desempenha um papel ativo na C\u00e2mara Municipal de S\u00edtio Novo, participando da elabora\u00e7\u00e3o e vota\u00e7\u00e3o de projetos de lei, indica\u00e7\u00f5es e requerimentos que buscam melhorar a qualidade de vida da popula\u00e7\u00e3o. Sua atua\u00e7\u00e3o provavelmente inclui esfor\u00e7os para fortalecer a economia local, apoiando pequenos comerciantes e agricultores, al\u00e9m de promover a inclus\u00e3o de grupos vulner\u00e1veis, como trabalhadores rurais e jovens. Sua experi\u00eancia como motorista pode ter inspirado iniciativas para melhorar o transporte p\u00fablico e a infraestrutura vi\u00e1ria, facilitando o acesso a escolas, unidades de sa\u00fade e mercados para comercializa\u00e7\u00e3o de produtos agr\u00edcolas.</p>\r\n<p dir=\"ltr\">S\u00edtio Novo, com sua economia centrada na agricultura familiar e no pequeno com\u00e9rcio, enfrenta desafios como a precariedade de estradas e a necessidade de investimentos em servi\u00e7os b\u00e1sicos. Uesclay, com sua vis\u00e3o pr\u00e1tica e conhecimento das demandas locais, contribui para enfrentar esses desafios, propondo pol\u00edticas que atendam diretamente \u00e0s necessidades da comunidade.</p>\r\n<h2 dir=\"ltr\">Considera\u00e7\u00f5es Finais</h2>\r\n<p dir=\"ltr\">Uesclay Carneiro da Silva \u00e9 uma lideran\u00e7a em S\u00edtio Novo, cuja trajet\u00f3ria combina sua experi\u00eancia como motorista de transporte coletivo com um forte compromisso com o servi\u00e7o p\u00fablico. Sua atua\u00e7\u00e3o como vereador pela Federa\u00e7\u00e3o Brasil da Esperan\u00e7a reflete sua dedica\u00e7\u00e3o a pautas progressistas, com foco em mobilidade, infraestrutura e desenvolvimento social. Embora n\u00e3o seja candidato \u00e0 reelei\u00e7\u00e3o, seu mandato deixa um impacto significativo na comunidade, marcado por sua proximidade com os cidad\u00e3os e sua abordagem pr\u00e1tica para os desafios locais. Para mais detalhes sobre sua atua\u00e7\u00e3o legislativa, recomenda-se consultar as atas da C\u00e2mara Municipal de S\u00edtio Novo ou fontes de imprensa local.</p>", 
            "email": "uesclay3232145@gmail.com", 
            "full_name": "Uesclay Carneiro da Silva", 
            "image": {
                "filename": "uesclay.png", 
                "size": 1811215, 
                "uri": "https://www.sitionovo.rn.leg.br/processo-legislativo/atividades-legislativas/parlamentares/uesclay/@@downloads/uesclay.png"
            }, 
            "party_affiliation": [
                {
                    "date_affiliation": "2020-01-01", 
                    "date_disaffiliation": "2023-12-31", 
                    "party": "PSOL"
                }, 
                {
                    "date_affiliation": "2024-02-01", 
                    "date_disaffiliation": "", 
                    "party": "Partido Verde - PV"
                }
            ], 
            "postal_code": "59440000", 
            "site": "www.sitionovo.rn.leg.br", 
            "telephone": "00000000000", 
            "title": "Uesclay", 
            "uri": "https://www.sitionovo.rn.leg.br/processo-legislativo/atividades-legislativas/parlamentares/uesclay"
        }, 
        {
            "address": "rua", 
            "birthday": "1979-02-01", 
            "description": "<h1 dir=\"ltr\" data-pm-slice=\"1 1 []\">Biografia Profissional de Jos\u00e9 Valderi da Silva</h1>\r\n<p dir=\"ltr\"><strong>Nome Completo</strong>: Jos\u00e9 Valderi da Silva<br /><strong>Data de Nascimento</strong>: 22/11/1974<br /><strong>Nacionalidade/Naturalidade</strong>: Brasileira Nata / Santa Cruz, Rio Grande do Norte<br /><strong>G\u00eanero</strong>: Masculino<br /><strong>Cor/Ra\u00e7a</strong>: Parda<br /><strong>Quilombola</strong>: N\u00e3o<br /><strong>Estado Civil</strong>: Solteiro<br /><strong>Grau de Instru\u00e7\u00e3o</strong>: Ensino Fundamental Incompleto<br /><strong>Ocupa\u00e7\u00e3o</strong>: Pescador<br /><strong>Cargo Pol\u00edtico</strong>: Vereador em S\u00edtio Novo, RN<br /><strong>Partido</strong>: Solidariedade<br /><strong>Candidato \u00e0 Reelei\u00e7\u00e3o</strong>: Sim</p>\r\n<h2 dir=\"ltr\">Perfil Pessoal e Profissional</h2>\r\n<p dir=\"ltr\">Jos\u00e9 Valderi da Silva, nascido em 22 de novembro de 1974, em Santa Cruz, Rio Grande do Norte, \u00e9 um pescador e vereador de S\u00edtio Novo, RN, com 50 anos. Solteiro e com Ensino Fundamental Incompleto, Jos\u00e9 Valderi construiu sua trajet\u00f3ria profissional no setor da pesca, uma ocupa\u00e7\u00e3o que reflete sua conex\u00e3o com o trabalho manual e as tradi\u00e7\u00f5es rurais. Como pescador, ele possui um conhecimento profundo das din\u00e2micas econ\u00f4micas e sociais de S\u00edtio Novo, um munic\u00edpio onde a agricultura familiar e atividades tradicionais, como a pesca, s\u00e3o essenciais para a subsist\u00eancia de muitas fam\u00edlias.</p>\r\n<p dir=\"ltr\">Sua experi\u00eancia como pescador o coloca em contato direto com os desafios enfrentados pelos trabalhadores rurais, como a necessidade de acesso a recursos h\u00eddricos, sustentabilidade ambiental e apoio para a comercializa\u00e7\u00e3o de produtos. Essas viv\u00eancias moldam sua atua\u00e7\u00e3o pol\u00edtica, trazendo uma perspectiva pr\u00e1tica e enraizada nas necessidades da comunidade.</p>\r\n<h2 dir=\"ltr\">Atua\u00e7\u00e3o Pol\u00edtica</h2>\r\n<p dir=\"ltr\">Jos\u00e9 Valderi da Silva \u00e9 vereador em S\u00edtio Novo, filiado ao <strong>Partido Solidariedade</strong>, que concorreu de forma isolada, sem coliga\u00e7\u00f5es, conforme indicado pela informa\u00e7\u00e3o \"Composi\u00e7\u00e3o da Coliga\u00e7\u00e3o: N\u00e3o se aplica\". O Solidariedade \u00e9 um partido que frequentemente defende pautas relacionadas aos direitos dos trabalhadores, empreendedorismo e desenvolvimento local, alinhando-se com os interesses de comunidades como a de S\u00edtio Novo. A filia\u00e7\u00e3o de Jos\u00e9 Valderi ao partido sugere um compromisso com pol\u00edticas que promovam o bem-estar dos trabalhadores rurais e o fortalecimento da economia local.</p>\r\n<p dir=\"ltr\">No legislativo, Jos\u00e9 Valderi concentra-se em pautas que atendem \u00e0s demandas da popula\u00e7\u00e3o de S\u00edtio Novo, com \u00eanfase em infraestrutura, acesso a servi\u00e7os b\u00e1sicos e apoio \u00e0s atividades econ\u00f4micas tradicionais, como a pesca e a agricultura familiar. Sua experi\u00eancia como pescador o capacita a propor iniciativas que abordem quest\u00f5es como a preserva\u00e7\u00e3o de recursos h\u00eddricos, o apoio a pequenos produtores e a melhoria das condi\u00e7\u00f5es de trabalho no setor pesqueiro. Propostas como a cria\u00e7\u00e3o de programas de assist\u00eancia t\u00e9cnica, incentivos para a comercializa\u00e7\u00e3o de pescado e melhorias nas estradas rurais podem estar entre suas prioridades, refletindo sua proximidade com as necessidades da comunidade.</p>\r\n<p dir=\"ltr\">Como <strong>candidato \u00e0 reelei\u00e7\u00e3o</strong>, Jos\u00e9 Valderi demonstra sua determina\u00e7\u00e3o em continuar servindo S\u00edtio Novo, buscando renovar seu mandato para consolidar suas contribui\u00e7\u00f5es e expandir seu impacto no legislativo. Sua atua\u00e7\u00e3o \u00e9 marcada por uma abordagem pr\u00e1tica, com foco em solu\u00e7\u00f5es que melhorem a qualidade de vida dos moradores e promovam o desenvolvimento sustent\u00e1vel do munic\u00edpio.</p>\r\n<h2 dir=\"ltr\">Habilidades e Compet\u00eancias</h2>\r\n<ul class=\"tight\" dir=\"ltr\" data-tight=\"true\">\r\n<li>\r\n<p dir=\"ltr\"><strong>Conhecimento do Setor Pesqueiro</strong>: Experi\u00eancia como pescador, com compreens\u00e3o dos desafios relacionados \u00e0 sustentabilidade e \u00e0 economia rural.</p>\r\n</li>\r\n<li>\r\n<p dir=\"ltr\"><strong>Engajamento Comunit\u00e1rio</strong>: Habilidade em representar as demandas dos trabalhadores rurais e da popula\u00e7\u00e3o de S\u00edtio Novo, com base em sua viv\u00eancia local.</p>\r\n</li>\r\n<li>\r\n<p dir=\"ltr\"><strong>Defesa de Pautas Trabalhistas</strong>: Compromisso com pol\u00edticas que apoiem os trabalhadores e promovam o desenvolvimento econ\u00f4mico, alinhado aos valores do Solidariedade.</p>\r\n</li>\r\n<li>\r\n<p dir=\"ltr\"><strong>Solu\u00e7\u00f5es Pr\u00e1ticas</strong>: Capacidade de propor iniciativas vi\u00e1veis para quest\u00f5es como infraestrutura rural e acesso a recursos para pescadores e agricultores.</p>\r\n</li>\r\n</ul>\r\n<h2 dir=\"ltr\">Contribui\u00e7\u00f5es para S\u00edtio Novo</h2>\r\n<p dir=\"ltr\">Como vereador, Jos\u00e9 Valderi desempenha um papel ativo na C\u00e2mara Municipal, participando da elabora\u00e7\u00e3o de projetos de lei, indica\u00e7\u00f5es e requerimentos que buscam atender \u00e0s necessidades da popula\u00e7\u00e3o. Sua atua\u00e7\u00e3o provavelmente inclui esfor\u00e7os para fortalecer a economia local, com foco em trabalhadores rurais e pescadores, al\u00e9m de promover melhorias em \u00e1reas como sa\u00fade, educa\u00e7\u00e3o e infraestrutura. Em um munic\u00edpio como S\u00edtio Novo, onde a pesca e a agricultura s\u00e3o atividades econ\u00f4micas centrais, Jos\u00e9 Valderi contribui para enfrentar desafios como a manuten\u00e7\u00e3o de a\u00e7udes, a moderniza\u00e7\u00e3o de estradas e o acesso a mercados para a comercializa\u00e7\u00e3o de produtos.</p>\r\n<p dir=\"ltr\">Sua experi\u00eancia como pescador traz uma perspectiva \u00fanica ao legislativo, permitindo-lhe advogar por pol\u00edticas que protejam os recursos naturais e promovam a sustentabilidade, ao mesmo tempo em que garantem o sustento das fam\u00edlias que dependem da pesca e da agricultura.</p>\r\n<h2 dir=\"ltr\">Considera\u00e7\u00f5es Finais</h2>\r\n<p dir=\"ltr\">Jos\u00e9 Valderi da Silva \u00e9 uma lideran\u00e7a em S\u00edtio Novo, cuja trajet\u00f3ria combina sua experi\u00eancia como pescador com um forte compromisso com o servi\u00e7o p\u00fablico. Sua atua\u00e7\u00e3o como vereador pelo Partido Solidariedade reflete sua dedica\u00e7\u00e3o a pautas que promovem o desenvolvimento econ\u00f4mico, a sustentabilidade e o bem-estar dos trabalhadores rurais. Como candidato \u00e0 reelei\u00e7\u00e3o, ele busca continuar representando os interesses da comunidade, trazendo sua perspectiva pr\u00e1tica e enraizada para um novo mandato. Para mais detalhes sobre sua atua\u00e7\u00e3o legislativa, recomenda-se consultar as atas da C\u00e2mara Municipal de S\u00edtio Novo ou fontes de imprensa local.</p>", 
            "email": "", 
            "full_name": "Jos\u00e9 Valderi da Silva", 
            "image": {
                "filename": "jose\u0301 valderi.png", 
                "size": 1054564, 
                "uri": "https://www.sitionovo.rn.leg.br/processo-legislativo/atividades-legislativas/parlamentares/jose-valderi/@@downloads/jose\u0301 valderi.png"
            }, 
            "party_affiliation": [
                {
                    "date_affiliation": "2020-02-01", 
                    "date_disaffiliation": "2023-12-31", 
                    "party": "PSOL"
                }, 
                {
                    "date_affiliation": "2024-02-01", 
                    "date_disaffiliation": "", 
                    "party": "Solidariedade - SOLIDARIEDADE"
                }
            ], 
            "postal_code": "12.242-000", 
            "site": "", 
            "telephone": "1239419521", 
            "title": "Jos\u00e9 Valderi", 
            "uri": "https://www.sitionovo.rn.leg.br/processo-legislativo/atividades-legislativas/parlamentares/jose-valderi"
        }, 
        {
            "address": "Rua Jos\u00e9 Ferreira Lima, n\u00ba 53 - Centro", 
            "birthday": "1978-06-04", 
            "description": "<h1 dir=\"ltr\" data-pm-slice=\"1 1 []\">Biografia de Janiere Ferreira de Lima</h1>\r\n<h2 dir=\"ltr\">Dados Pessoais</h2>\r\n<ul class=\"tight\" dir=\"ltr\" data-tight=\"true\">\r\n<li>\r\n<p dir=\"ltr\"><strong>Nome Completo</strong>: Janiere Ferreira de Lima</p>\r\n</li>\r\n<li>\r\n<p dir=\"ltr\"><strong>Data de Nascimento</strong>: 04/06/1978</p>\r\n</li>\r\n<li>\r\n<p dir=\"ltr\"><strong>G\u00eanero</strong>: Feminino</p>\r\n</li>\r\n<li>\r\n<p dir=\"ltr\"><strong>Cor/Ra\u00e7a</strong>: Branca</p>\r\n</li>\r\n<li>\r\n<p dir=\"ltr\"><strong>Etnia Ind\u00edgena</strong>: N\u00e3o Informado</p>\r\n</li>\r\n<li>\r\n<p dir=\"ltr\"><strong>Quilombola</strong>: N\u00e3o</p>\r\n</li>\r\n<li>\r\n<p dir=\"ltr\"><strong>Estado Civil</strong>: Solteira</p>\r\n</li>\r\n<li>\r\n<p dir=\"ltr\"><strong>Grau de Instru\u00e7\u00e3o</strong>: Ensino M\u00e9dio Completo</p>\r\n</li>\r\n<li>\r\n<p dir=\"ltr\"><strong>Ocupa\u00e7\u00e3o</strong>: Recepcionista</p>\r\n</li>\r\n<li>\r\n<p dir=\"ltr\"><strong>Nacionalidade/Naturalidade</strong>: Brasileira Nata / S\u00edtio Novo, Rio Grande do Norte</p>\r\n</li>\r\n</ul>\r\n<h2 dir=\"ltr\">Vida Profissional</h2>\r\n<p dir=\"ltr\">Janiere Ferreira de Lima atua profissionalmente como recepcionista, uma ocupa\u00e7\u00e3o que exige habilidades de comunica\u00e7\u00e3o, organiza\u00e7\u00e3o e atendimento ao p\u00fablico. Embora n\u00e3o haja informa\u00e7\u00f5es detalhadas sobre sua trajet\u00f3ria profissional, sua experi\u00eancia nessa \u00e1rea sugere um perfil voltado para o contato direto com pessoas, o que pode ter influenciado sua atua\u00e7\u00e3o no cen\u00e1rio pol\u00edtico, especialmente no contexto local de S\u00edtio Novo, RN.</p>\r\n<h2 dir=\"ltr\">Vida Pol\u00edtica</h2>\r\n<p dir=\"ltr\">Janiere Ferreira de Lima \u00e9 vereadora no munic\u00edpio de S\u00edtio Novo, Rio Grande do Norte, representando a <strong>Federa\u00e7\u00e3o Brasil da Esperan\u00e7a - FE Brasil</strong>, composta pelos partidos <strong>PT (Partido dos Trabalhadores)</strong>, <strong>PC do B (Partido Comunista do Brasil)</strong> e <strong>PV (Partido Verde)</strong>. Sua participa\u00e7\u00e3o na federa\u00e7\u00e3o indica um alinhamento com pautas progressistas, como justi\u00e7a social, sustentabilidade e direitos trabalhistas, valores frequentemente associados a esses partidos.</p>\r\n<p dir=\"ltr\">N\u00e3o h\u00e1 informa\u00e7\u00f5es dispon\u00edveis sobre a dura\u00e7\u00e3o exata de seu mandato ou suas principais atua\u00e7\u00f5es como vereadora, mas sua filia\u00e7\u00e3o \u00e0 federa\u00e7\u00e3o sugere um compromisso com agendas voltadas para o desenvolvimento local e pol\u00edticas inclusivas. Janiere <strong>n\u00e3o \u00e9 candidata \u00e0 reelei\u00e7\u00e3o</strong>, o que pode indicar uma decis\u00e3o de encerrar seu ciclo na pol\u00edtica eletiva ou buscar novos caminhos, seja na esfera profissional ou em outras formas de engajamento comunit\u00e1rio.</p>\r\n<p dir=\"ltr\">A aus\u00eancia de coliga\u00e7\u00e3o espec\u00edfica (\"N\u00e3o se aplica\") refor\u00e7a que sua candidatura foi estruturada dentro da federa\u00e7\u00e3o, sem alian\u00e7as adicionais com outros partidos fora do PT, PC do B e PV. Isso reflete uma campanha focada na identidade ideol\u00f3gica da federa\u00e7\u00e3o, que prioriza pautas de esquerda no cen\u00e1rio pol\u00edtico brasileiro.</p>\r\n<h2 dir=\"ltr\">Contexto de S\u00edtio Novo, RN</h2>\r\n<p dir=\"ltr\">S\u00edtio Novo \u00e9 um munic\u00edpio de pequeno porte no Rio Grande do Norte, com uma economia baseada principalmente na agricultura familiar e no com\u00e9rcio local. A atua\u00e7\u00e3o de Janiere como vereadora provavelmente envolveu demandas relacionadas a melhorias na infraestrutura, educa\u00e7\u00e3o, sa\u00fade e apoio aos trabalhadores rurais, \u00e1reas cr\u00edticas para a popula\u00e7\u00e3o local. Sua experi\u00eancia como recepcionista pode ter contribu\u00eddo para uma abordagem pr\u00f3xima da comunidade, ouvindo e representando as necessidades dos cidad\u00e3os de S\u00edtio Novo.</p>\r\n<h2 dir=\"ltr\">Considera\u00e7\u00f5es Finais</h2>\r\n<p dir=\"ltr\">Janiere Ferreira de Lima \u00e9 uma figura pol\u00edtica local que, embora sem uma trajet\u00f3ria amplamente documentada, representa a for\u00e7a da participa\u00e7\u00e3o feminina na pol\u00edtica de S\u00edtio Novo. Sua escolha por n\u00e3o buscar a reelei\u00e7\u00e3o pode refletir uma decis\u00e3o pessoal ou estrat\u00e9gica, mas sua atua\u00e7\u00e3o como vereadora, aliada \u00e0 sua experi\u00eancia profissional, sugere um compromisso com o servi\u00e7o p\u00fablico e a representatividade. Para mais detalhes sobre suas a\u00e7\u00f5es como vereadora, seria necess\u00e1rio consultar fontes locais, como atas da C\u00e2mara Municipal de S\u00edtio Novo ou registros da imprensa regional.</p>", 
            "email": "", 
            "full_name": "JANIERE FERREIRA DE LIMA", 
            "image": {
                "filename": "janiere.png", 
                "size": 1453518, 
                "uri": "https://www.sitionovo.rn.leg.br/processo-legislativo/atividades-legislativas/parlamentares/aninha-de-paulo/@@downloads/janiere.png"
            }, 
            "party_affiliation": [
                {
                    "date_affiliation": "2024-01-01", 
                    "date_disaffiliation": "", 
                    "party": "Partido Dos Trabalhadores - PT"
                }
            ], 
            "postal_code": "59440-000", 
            "site": "", 
            "telephone": "84000000000", 
            "title": "ANINHA DE PAULO", 
            "uri": "https://www.sitionovo.rn.leg.br/processo-legislativo/atividades-legislativas/parlamentares/aninha-de-paulo"
        }, 
        {
            "address": "Rua Jos\u00e9 Ferreira Lima, n\u00ba 53 - Centro", 
            "birthday": "2001-05-17", 
            "description": "<h1 dir=\"ltr\" data-pm-slice=\"1 1 []\">Biografia Profissional de Carmem Emanuelle Cosme Mafra</h1>\r\n<p dir=\"ltr\"><strong>Nome Completo</strong>: Carmem Emanuelle Cosme Mafra<br /><strong>Data de Nascimento</strong>: 17/05/2001<br /><strong>Nacionalidade/Naturalidade</strong>: Brasileira Nata / Santa Cruz, Rio Grande do Norte<br /><strong>G\u00eanero</strong>: Feminino<br /><strong>Estado Civil</strong>: Solteira<br /><strong>Cor/Ra\u00e7a</strong>: Branca<br /><strong>Quilombola</strong>: N\u00e3o<br /><strong>Grau de Instru\u00e7\u00e3o</strong>: Superior Incompleto<br /><strong>Ocupa\u00e7\u00e3o</strong>: Empres\u00e1ria<br /><strong>Cargo Pol\u00edtico</strong>: Vereadora em S\u00edtio Novo, RN<br /><strong>Partido</strong>: Uni\u00e3o Brasil (UNI\u00c3O)<br /><strong>Candidata \u00e0 Reelei\u00e7\u00e3o</strong>: N\u00e3o</p>\r\n<h2 dir=\"ltr\">Perfil Profissional</h2>\r\n<p dir=\"ltr\">Carmem Emanuelle Cosme Mafra \u00e9 uma empres\u00e1ria e vereadora em S\u00edtio Novo, Rio Grande do Norte, cuja trajet\u00f3ria combina juventude, dinamismo e dedica\u00e7\u00e3o ao desenvolvimento comunit\u00e1rio. Nascida em Santa Cruz, RN, em 17 de maio de 2001, Carmem, aos 24 anos, destaca-se como uma lideran\u00e7a emergente, com experi\u00eancia no setor empresarial e na pol\u00edtica local. Sua forma\u00e7\u00e3o acad\u00eamica em n\u00edvel superior incompleto reflete seu compromisso com o aprendizado cont\u00ednuo, enquanto sua atua\u00e7\u00e3o como empres\u00e1ria demonstra habilidades em gest\u00e3o, planejamento estrat\u00e9gico e relacionamento interpessoal.</p>\r\n<p dir=\"ltr\">Como empres\u00e1ria, Carmem opera no contexto de S\u00edtio Novo, um munic\u00edpio cuja economia \u00e9 ancorada na agricultura familiar e no com\u00e9rcio local. Sua experi\u00eancia profissional a capacita a compreender as necessidades econ\u00f4micas e sociais da regi\u00e3o, especialmente no que tange ao fortalecimento de pequenos neg\u00f3cios e \u00e0 gera\u00e7\u00e3o de oportunidades. Essas compet\u00eancias s\u00e3o diretamente aplicadas em sua atua\u00e7\u00e3o pol\u00edtica, onde busca promover o desenvolvimento sustent\u00e1vel e a melhoria da qualidade de vida dos cidad\u00e3os.</p>\r\n<h2 dir=\"ltr\">Atua\u00e7\u00e3o Pol\u00edtica</h2>\r\n<p dir=\"ltr\">Carmem Emanuelle \u00e9 vereadora em S\u00edtio Novo, representando o <strong>Uni\u00e3o Brasil (UNI\u00c3O)</strong>, partido de orienta\u00e7\u00e3o centro-direita que defende pautas como liberalismo econ\u00f4mico e incentivo ao empreendedorismo. Eleita sem coliga\u00e7\u00f5es, sua campanha reflete uma abordagem independente e alinhada aos valores do partido, com foco em pol\u00edticas p\u00fablicas que promovam o crescimento econ\u00f4mico e a efici\u00eancia na gest\u00e3o municipal.</p>\r\n<p dir=\"ltr\">No legislativo, Carmem atua na representa\u00e7\u00e3o dos interesses da popula\u00e7\u00e3o de S\u00edtio Novo, com \u00eanfase em \u00e1reas como infraestrutura, sa\u00fade, educa\u00e7\u00e3o e apoio \u00e0 agricultura familiar. Suas propostas e iniciativas legislativas buscam atender \u00e0s demandas de um munic\u00edpio de pequeno porte, onde os desafios incluem a melhoria das estradas rurais, o acesso a servi\u00e7os b\u00e1sicos e a cria\u00e7\u00e3o de oportunidades para jovens e mulheres. Sua perspectiva como empres\u00e1ria contribui para a formula\u00e7\u00e3o de pol\u00edticas que incentivem o empreendedorismo local e a inclus\u00e3o econ\u00f4mica.</p>\r\n<p dir=\"ltr\">Embora n\u00e3o seja candidata \u00e0 reelei\u00e7\u00e3o, sua passagem pela C\u00e2mara Municipal de S\u00edtio Novo demonstra um compromisso com o servi\u00e7o p\u00fablico e a constru\u00e7\u00e3o de uma gest\u00e3o participativa. Sua juventude traz uma vis\u00e3o inovadora ao legislativo, com potencial para inspirar novas lideran\u00e7as na regi\u00e3o.</p>\r\n<h2 dir=\"ltr\">Habilidades e Compet\u00eancias</h2>\r\n<ul class=\"tight\" dir=\"ltr\" data-tight=\"true\">\r\n<li>\r\n<p dir=\"ltr\"><strong>Gest\u00e3o e Lideran\u00e7a</strong>: Experi\u00eancia como empres\u00e1ria, com habilidades em administra\u00e7\u00e3o, planejamento e tomada de decis\u00e3o.</p>\r\n</li>\r\n<li>\r\n<p dir=\"ltr\"><strong>Comunica\u00e7\u00e3o e Engajamento Comunit\u00e1rio</strong>: Capacidade de ouvir e representar as demandas da popula\u00e7\u00e3o, fortalecendo a conex\u00e3o entre o legislativo e a comunidade.</p>\r\n</li>\r\n<li>\r\n<p dir=\"ltr\"><strong>Vis\u00e3o Estrat\u00e9gica</strong>: Foco em pol\u00edticas p\u00fablicas que promovam o desenvolvimento econ\u00f4mico e social, com \u00eanfase no empreendedorismo e na inclus\u00e3o.</p>\r\n</li>\r\n</ul>\r\n<h2 dir=\"ltr\">Contexto de Atua\u00e7\u00e3o</h2>\r\n<p dir=\"ltr\">S\u00edtio Novo, RN, \u00e9 um munic\u00edpio de pequeno porte com uma economia baseada na agricultura familiar e no com\u00e9rcio local. Como vereadora, Carmem enfrenta o desafio de propor solu\u00e7\u00f5es para quest\u00f5es como a moderniza\u00e7\u00e3o da infraestrutura rural, o fortalecimento do com\u00e9rcio e a melhoria dos servi\u00e7os p\u00fablicos, sempre com uma abordagem pr\u00e1tica e alinhada \u00e0s necessidades dos cidad\u00e3os.</p>\r\n<h2 dir=\"ltr\">Considera\u00e7\u00f5es Finais</h2>\r\n<p dir=\"ltr\">Carmem Emanuelle Cosme Mafra \u00e9 uma profissional e pol\u00edtica que combina experi\u00eancia empresarial com um compromisso firme com o desenvolvimento de S\u00edtio Novo. Sua atua\u00e7\u00e3o como vereadora reflete uma vis\u00e3o progressista e empreendedora, com foco na melhoria da qualidade de vida da popula\u00e7\u00e3o. Embora tenha optado por n\u00e3o buscar a reelei\u00e7\u00e3o, sua trajet\u00f3ria sugere que continuar\u00e1 contribuindo para sua comunidade, seja no setor privado ou em futuras iniciativas p\u00fablicas. Para mais informa\u00e7\u00f5es sobre sua atua\u00e7\u00e3o legislativa, recomenda-se consultar as atas da C\u00e2mara Municipal de S\u00edtio Novo ou fontes de imprensa local.</p>", 
            "email": "", 
            "full_name": "CARMEM EMANUELLE COSME MAFRA", 
            "image": {
                "filename": "Carmem Emanuelle.png", 
                "size": 591937, 
                "uri": "https://www.sitionovo.rn.leg.br/processo-legislativo/atividades-legislativas/parlamentares/carminha-de-chiquinho-camilo/@@downloads/Carmem Emanuelle.png"
            }, 
            "party_affiliation": [
                {
                    "date_affiliation": "2024-02-01", 
                    "date_disaffiliation": "", 
                    "party": "Uni\u00e3o Brasil - UNI\u00c3O"
                }
            ], 
            "postal_code": "59440-000", 
            "site": "", 
            "telephone": "84000000000", 
            "title": "CARMINHA DE CHIQUINHO CAMILO", 
            "uri": "https://www.sitionovo.rn.leg.br/processo-legislativo/atividades-legislativas/parlamentares/carminha-de-chiquinho-camilo"
        }
    ]
}